{"id":1414,"date":"2025-06-03T16:44:03","date_gmt":"2025-06-03T14:44:03","guid":{"rendered":"https:\/\/www.bruelhartducret.ch\/?p=1414"},"modified":"2025-07-10T08:37:17","modified_gmt":"2025-07-10T06:37:17","slug":"seislermaess","status":"publish","type":"post","link":"https:\/\/www.bruelhartducret.ch\/fr\/seislermaess\/","title":{"rendered":"Chariot gourmand"},"content":{"rendered":"<div class=\"wp-block-group alignfull hero-with-title-and-cover is-layout-flow wp-block-group-is-layout-flow\">\n<h1 class=\"wp-block-heading\">Chariot gourmand<\/h1>\n<\/div>\n\n\n\n<div class=\"wp-block-group alignfull lead-wrapper is-layout-flow wp-block-group-is-layout-flow\">\n<p class=\"is-style-lead\">Un projet de BR\u00dcLHART DUCRET AG pour la cave St\u00e4mpfli AG et Alachsa, Laupen<\/p>\n\n\n\n<p>\u00c0 l\u2019occasion de moments \u00e9l\u00e9gants et festifs, BR\u00dcLHART DUCRET AG a \u00e9t\u00e9 mandat\u00e9e pour concevoir une exp\u00e9rience mobile d\u00e9di\u00e9e au plaisir des sens : le chariot gourmand. D\u00e9velopp\u00e9 pour la cave St\u00e4mpfli AG et Alachsa de Laupen, ce v\u00e9hicule de service allie qualit\u00e9 esth\u00e9tique et polyvalence fonctionnelle.<br>Le concept \u2013 Un noyau lumineux, un mouvement fluide<br>Au c\u0153ur du design se trouve un noyau lumineux, symbole de la qualit\u00e9 de l\u2019offre. L\u2019enveloppe est constitu\u00e9e de lamelles horizontales dont le mouvement ondulant cr\u00e9e une m\u00e9taphore visuelle :<br>\u2013 pour l\u2019eau, source de vie et habitat du saumon,<br>\u2013 pour le saumon lui-m\u00eame, produit raffin\u00e9 et embl\u00e8me d\u2019Alachsa,<br>\u2013 et pour le champagne, p\u00e9tillant, \u00e9l\u00e9gant, vecteur de convivialit\u00e9.<br><br>La lumi\u00e8re comme rep\u00e8re et mise en sc\u00e8ne<br>Une suspension lumineuse marquante agit \u00e0 la fois comme point d\u2019ancrage visuel et rep\u00e8re perceptible de loin. Elle met \u00e9galement en valeur l\u2019espace de service, o\u00f9 sandwichs au saumon et champagne sont propos\u00e9s avec raffinement.<\/p>\n\n\n\n<figure class=\"wp-block-gallery has-nested-images columns-default is-cropped wp-block-gallery-1 is-layout-flex wp-block-gallery-is-layout-flex\">\n<figure data-no-zoom=\"true\" class=\"wp-block-image size-full\"><img loading=\"lazy\" decoding=\"async\" width=\"1920\" height=\"2560\" data-id=\"1415\" src=\"https:\/\/www.bruelhartducret.ch\/wp-content\/uploads\/2025\/06\/Bild01_bearbeitet-1-scaled.webp\" alt=\"\" class=\"wp-image-1415\" srcset=\"https:\/\/www.bruelhartducret.ch\/wp-content\/uploads\/2025\/06\/Bild01_bearbeitet-1-scaled.webp 1920w, https:\/\/www.bruelhartducret.ch\/wp-content\/uploads\/2025\/06\/Bild01_bearbeitet-1-225x300.webp 225w, https:\/\/www.bruelhartducret.ch\/wp-content\/uploads\/2025\/06\/Bild01_bearbeitet-1-768x1024.webp 768w, https:\/\/www.bruelhartducret.ch\/wp-content\/uploads\/2025\/06\/Bild01_bearbeitet-1-1152x1536.webp 1152w, https:\/\/www.bruelhartducret.ch\/wp-content\/uploads\/2025\/06\/Bild01_bearbeitet-1-1536x2048.webp 1536w, https:\/\/www.bruelhartducret.ch\/wp-content\/uploads\/2025\/06\/Bild01_bearbeitet-1-9x12.webp 9w, https:\/\/www.bruelhartducret.ch\/wp-content\/uploads\/2025\/06\/Bild01_bearbeitet-1-407x543.webp 407w\" sizes=\"auto, (max-width: 1920px) 100vw, 1920px\" \/><\/figure>\n<\/figure>\n<\/div>\n\n\n<div class=\"wp-block-bruelhart-ducret-post-navigation\">\n            <a class=\"previous\" href=\"https:\/\/www.bruelhartducret.ch\/fr\/expertise\/\">\n            zur\u00fcck zur \u00dcbersicht        <\/a>\n                <a class=\"next\" href=\"https:\/\/www.bruelhartducret.ch\/fr\/seislermaess-2\/\">\n            n\u00e4chster Fachbeitrag        <\/a>\n    <\/div>\n\n<div class=\"alignfull is-layout-constrained wp-block-group alignfull wp-block-bruelhart-ducret-further-posts\">\n    <div class=\"acf-innerblocks-container\">\n\n<h5 class=\"wp-block-heading\">Plus de contributions<\/h5>\n\n\n\n<h2 class=\"wp-block-heading\">Encore plus d'expertise pour vous<\/h2>\n\n\n\n<div class=\"wp-block-buttons is-layout-flex wp-block-buttons-is-layout-flex\">\n<div class=\"wp-block-button\"><a class=\"wp-block-button__link wp-element-button\" href=\"https:\/\/www.bruelhartducret.ch\/fr\/expertise\/\">voir tous les messages<\/a><\/div>\n<\/div>\n\n<\/div>\n    <div class=\"alignfull is-style-slider wp-block-bruelhart-ducret-posts\">\n    <turbo-frame id=\"posts\" data-turbo=\"true\">\n                <div class=\"teasers\">\n                            <a href=\"https:\/\/www.bruelhartducret.ch\/fr\/skitagingstaad\/\" class=\"post-1604 post type-post status-publish format-standard has-post-thumbnail hentry\" data-turbo=\"false\">\n    <div class=\"image-wrapper\">\n        <img loading=\"lazy\" decoding=\"async\" width=\"480\" height=\"570\" src=\"https:\/\/www.bruelhartducret.ch\/wp-content\/uploads\/2026\/03\/Skitag-1-480x570.webp\" class=\"attachment-teaser size-teaser wp-post-image\" alt=\"\" srcset=\"https:\/\/www.bruelhartducret.ch\/wp-content\/uploads\/2026\/03\/Skitag-1-480x570.webp 480w, https:\/\/www.bruelhartducret.ch\/wp-content\/uploads\/2026\/03\/Skitag-1-960x1140.webp 960w\" sizes=\"auto, (max-width: 480px) 100vw, 480px\" \/>    <\/div>\n    <div class=\"data-wrapper\">\n        <h3 class=\"title\">Journ\u00e9e de ski \u00e0 Gstaad<\/h3>\n        <p class=\"excerpt\">Une journ\u00e9e de ski parfaite avec des conditions d'enneigement optimales, du soleil et de la bonne humeur !<\/p>\n        <div class=\"wp-block-button read-more\">\n            <span class=\"wp-element-button\">en savoir plus<\/span>\n        <\/div>\n    <\/div>\n<\/a>                            <a href=\"https:\/\/www.bruelhartducret.ch\/fr\/dimitri-gl\/\" class=\"post-1555 post type-post status-publish format-standard has-post-thumbnail hentry\" data-turbo=\"false\">\n    <div class=\"image-wrapper\">\n        <img loading=\"lazy\" decoding=\"async\" width=\"480\" height=\"570\" src=\"https:\/\/www.bruelhartducret.ch\/wp-content\/uploads\/2025\/11\/251017_Portrait-GL-BD-480x570.webp\" class=\"attachment-teaser size-teaser wp-post-image\" alt=\"\" srcset=\"https:\/\/www.bruelhartducret.ch\/wp-content\/uploads\/2025\/11\/251017_Portrait-GL-BD-480x570.webp 480w, https:\/\/www.bruelhartducret.ch\/wp-content\/uploads\/2025\/11\/251017_Portrait-GL-BD-960x1140.webp 960w\" sizes=\"auto, (max-width: 480px) 100vw, 480px\" \/>    <\/div>\n    <div class=\"data-wrapper\">\n        <h3 class=\"title\">BR\u00dcLHART DUCRET AG \u00c9LARGIT SA DIRECTION<\/h3>\n        <p class=\"excerpt\">\u00c9largit direction<\/p>\n        <div class=\"wp-block-button read-more\">\n            <span class=\"wp-element-button\">en savoir plus<\/span>\n        <\/div>\n    <\/div>\n<\/a>                            <a href=\"https:\/\/www.bruelhartducret.ch\/fr\/seislermaess-3\/\" class=\"post-1546 post type-post status-publish format-standard has-post-thumbnail hentry\" data-turbo=\"false\">\n    <div class=\"image-wrapper\">\n        <img loading=\"lazy\" decoding=\"async\" width=\"480\" height=\"570\" src=\"https:\/\/www.bruelhartducret.ch\/wp-content\/uploads\/2025\/11\/thumbnail_IMG_9979-480x570.webp\" class=\"attachment-teaser size-teaser wp-post-image\" alt=\"\" srcset=\"https:\/\/www.bruelhartducret.ch\/wp-content\/uploads\/2025\/11\/thumbnail_IMG_9979-480x570.webp 480w, https:\/\/www.bruelhartducret.ch\/wp-content\/uploads\/2025\/11\/thumbnail_IMG_9979-960x1140.webp 960w\" sizes=\"auto, (max-width: 480px) 100vw, 480px\" \/>    <\/div>\n    <div class=\"data-wrapper\">\n        <h3 class=\"title\">Visite au mus\u00e9e &amp; plaisirs culinaires \u00e0 Fribourg<\/h3>\n        <p class=\"excerpt\">Visite au mus\u00e9e &amp; plaisirs culinaires \u00e0 Fribourg<\/p>\n        <div class=\"wp-block-button read-more\">\n            <span class=\"wp-element-button\">en savoir plus<\/span>\n        <\/div>\n    <\/div>\n<\/a>                            <a href=\"https:\/\/www.bruelhartducret.ch\/fr\/seislermaess-2\/\" class=\"post-1374 post type-post status-publish format-standard has-post-thumbnail hentry\" data-turbo=\"false\">\n    <div class=\"image-wrapper\">\n        <img loading=\"lazy\" decoding=\"async\" width=\"480\" height=\"570\" src=\"https:\/\/www.bruelhartducret.ch\/wp-content\/uploads\/2025\/06\/Bild01_bearbeitet-480x570.webp\" class=\"attachment-teaser size-teaser wp-post-image\" alt=\"\" srcset=\"https:\/\/www.bruelhartducret.ch\/wp-content\/uploads\/2025\/06\/Bild01_bearbeitet-480x570.webp 480w, https:\/\/www.bruelhartducret.ch\/wp-content\/uploads\/2025\/06\/Bild01_bearbeitet-960x1140.webp 960w\" sizes=\"auto, (max-width: 480px) 100vw, 480px\" \/>    <\/div>\n    <div class=\"data-wrapper\">\n        <h3 class=\"title\">Seislerm\u00e4ss<\/h3>\n        <p class=\"excerpt\">Il est temps de dire merci !<\/p>\n        <div class=\"wp-block-button read-more\">\n            <span class=\"wp-element-button\">en savoir plus<\/span>\n        <\/div>\n    <\/div>\n<\/a>                    <\/div>\n            <\/turbo-frame>\n<\/div>\n<\/div>","protected":false},"excerpt":{"rendered":"<p>Un projet de BR\u00dcLHART DUCRET AG pour la cave St\u00e4mpfli AG et Alachsa, Laupen<\/p>","protected":false},"author":5,"featured_media":1415,"comment_status":"closed","ping_status":"closed","sticky":false,"template":"","format":"standard","meta":{"footnotes":""},"class_list":["post-1414","post","type-post","status-publish","format-standard","has-post-thumbnail","hentry"],"acf":[],"_links":{"self":[{"href":"https:\/\/www.bruelhartducret.ch\/fr\/wp-json\/wp\/v2\/posts\/1414","targetHints":{"allow":["GET"]}}],"collection":[{"href":"https:\/\/www.bruelhartducret.ch\/fr\/wp-json\/wp\/v2\/posts"}],"about":[{"href":"https:\/\/www.bruelhartducret.ch\/fr\/wp-json\/wp\/v2\/types\/post"}],"author":[{"embeddable":true,"href":"https:\/\/www.bruelhartducret.ch\/fr\/wp-json\/wp\/v2\/users\/5"}],"replies":[{"embeddable":true,"href":"https:\/\/www.bruelhartducret.ch\/fr\/wp-json\/wp\/v2\/comments?post=1414"}],"version-history":[{"count":2,"href":"https:\/\/www.bruelhartducret.ch\/fr\/wp-json\/wp\/v2\/posts\/1414\/revisions"}],"predecessor-version":[{"id":1467,"href":"https:\/\/www.bruelhartducret.ch\/fr\/wp-json\/wp\/v2\/posts\/1414\/revisions\/1467"}],"wp:featuredmedia":[{"embeddable":true,"href":"https:\/\/www.bruelhartducret.ch\/fr\/wp-json\/wp\/v2\/media\/1415"}],"wp:attachment":[{"href":"https:\/\/www.bruelhartducret.ch\/fr\/wp-json\/wp\/v2\/media?parent=1414"}],"curies":[{"name":"wp","href":"https:\/\/api.w.org\/{rel}","templated":true}]}}