{"id":1555,"date":"2025-11-26T07:47:15","date_gmt":"2025-11-26T06:47:15","guid":{"rendered":"https:\/\/www.bruelhartducret.ch\/?p=1555"},"modified":"2025-11-26T07:47:16","modified_gmt":"2025-11-26T06:47:16","slug":"dimitri-gl","status":"publish","type":"post","link":"http:\/\/www.bruelhartducret.ch\/fr\/dimitri-gl\/","title":{"rendered":"BR\u00dcLHART DUCRET AG \u00c9LARGIT SA DIRECTION"},"content":{"rendered":"<div class=\"wp-block-group alignfull hero-with-title-and-cover is-layout-flow wp-block-group-is-layout-flow\">\n<h1 class=\"wp-block-heading\"><strong>BR\u00dcLHART DUCRET AG \u00c9LARGIT SA DIRECTION<\/strong><\/h1>\n<\/div>\n\n\n\n<div class=\"wp-block-group alignfull lead-wrapper is-layout-flow wp-block-group-is-layout-flow\">\n<p class=\"is-style-lead\"><strong>BR\u00dcLHART DUCRET AG \u00c9LARGIT SA DIRECTION<\/strong><\/p>\n\n\n\n<p>Nous sommes ravis de vous annoncer que Dimitri Bertschy rejoint la direction de Br\u00fclhart Ducret AG (B\u00b0D) \u00e0 Alterswil. Notre bureau d\u2019architecture, reconnu depuis des ann\u00e9es pour ses projets durables et innovants, sera d\u00e9sormais dirig\u00e9 par une \u00e9quipe de trois personnes.<\/p>\n\n\n\n<p>Aux c\u00f4t\u00e9s des deux associ\u00e9s Sacha Br\u00fclhart et Steve Ducret, Dimitri Bertschy jouera un r\u00f4le central dans l\u2019orientation future de l\u2019entreprise. Il apporte une longue exp\u00e9rience en tant qu\u2019architecte ainsi que des comp\u00e9tences approfondies en gestion de projets et d\u2019\u00e9quipes. Depuis huit ans, il fait partie de notre bureau et a contribu\u00e9 de mani\u00e8re significative \u00e0 la r\u00e9ussite de nombreux projets.<\/p>\n\n\n\n<p>Br\u00fclhart Ducret AG se distingue par une expertise \u00e9lev\u00e9e en architecture et en d\u00e9veloppement de projets. Notre travail allie fonctionnalit\u00e9, qualit\u00e9 esth\u00e9tique ainsi que durabilit\u00e9 \u00e9cologique et \u00e9conomique.<\/p>\n\n\n\n<p>Avec l\u2019\u00e9largissement de la direction gr\u00e2ce \u00e0 l\u2019arriv\u00e9e de Dimitri Bertschy, nous renfor\u00e7ons notre structure de leadership et cr\u00e9ons des conditions id\u00e9ales pour le d\u00e9veloppement r\u00e9ussi de nos projets et partenariats.<\/p>\n\n\n\n<figure class=\"wp-block-gallery has-nested-images columns-default is-cropped wp-block-gallery-1 is-layout-flex wp-block-gallery-is-layout-flex\">\n<figure data-no-zoom=\"true\" class=\"wp-block-image size-full\"><img loading=\"lazy\" decoding=\"async\" width=\"2199\" height=\"2560\" data-id=\"1559\" src=\"https:\/\/www.bruelhartducret.ch\/wp-content\/uploads\/2025\/11\/251017_Portrait-GL-BD_2-scaled.webp\" alt=\"\" class=\"wp-image-1559\" srcset=\"https:\/\/www.bruelhartducret.ch\/wp-content\/uploads\/2025\/11\/251017_Portrait-GL-BD_2-scaled.webp 2199w, https:\/\/www.bruelhartducret.ch\/wp-content\/uploads\/2025\/11\/251017_Portrait-GL-BD_2-258x300.webp 258w, https:\/\/www.bruelhartducret.ch\/wp-content\/uploads\/2025\/11\/251017_Portrait-GL-BD_2-880x1024.webp 880w, https:\/\/www.bruelhartducret.ch\/wp-content\/uploads\/2025\/11\/251017_Portrait-GL-BD_2-768x894.webp 768w, https:\/\/www.bruelhartducret.ch\/wp-content\/uploads\/2025\/11\/251017_Portrait-GL-BD_2-1320x1536.webp 1320w, https:\/\/www.bruelhartducret.ch\/wp-content\/uploads\/2025\/11\/251017_Portrait-GL-BD_2-1759x2048.webp 1759w, https:\/\/www.bruelhartducret.ch\/wp-content\/uploads\/2025\/11\/251017_Portrait-GL-BD_2-10x12.webp 10w, https:\/\/www.bruelhartducret.ch\/wp-content\/uploads\/2025\/11\/251017_Portrait-GL-BD_2-407x474.webp 407w\" sizes=\"auto, (max-width: 2199px) 100vw, 2199px\" \/><\/figure>\n<\/figure>\n<\/div>\n\n\n<div class=\"wp-block-bruelhart-ducret-post-navigation\">\n            <a class=\"previous\" href=\"http:\/\/www.bruelhartducret.ch\/fr\/expertise\/\">\n            zur\u00fcck zur \u00dcbersicht        <\/a>\n                <a class=\"next\" href=\"http:\/\/www.bruelhartducret.ch\/fr\/seislermaess-3\/\">\n            n\u00e4chster Fachbeitrag        <\/a>\n    <\/div>\n\n<div class=\"alignfull is-layout-constrained wp-block-group alignfull wp-block-bruelhart-ducret-further-posts\">\n    <div class=\"acf-innerblocks-container\">\n\n<h5 class=\"wp-block-heading\">Plus de contributions<\/h5>\n\n\n\n<h2 class=\"wp-block-heading\">Encore plus d'expertise pour vous<\/h2>\n\n\n\n<div class=\"wp-block-buttons is-layout-flex wp-block-buttons-is-layout-flex\">\n<div class=\"wp-block-button\"><a class=\"wp-block-button__link wp-element-button\" href=\"http:\/\/www.bruelhartducret.ch\/fr\/expertise\/\">voir tous les messages<\/a><\/div>\n<\/div>\n\n<\/div>\n    <div class=\"alignfull is-style-slider wp-block-bruelhart-ducret-posts\">\n    <turbo-frame id=\"posts\" data-turbo=\"true\">\n                <div class=\"teasers\">\n                            <a href=\"http:\/\/www.bruelhartducret.ch\/fr\/skitagingstaad\/\" class=\"post-1604 post type-post status-publish format-standard has-post-thumbnail hentry\" data-turbo=\"false\">\n    <div class=\"image-wrapper\">\n        <img loading=\"lazy\" decoding=\"async\" width=\"480\" height=\"570\" src=\"https:\/\/www.bruelhartducret.ch\/wp-content\/uploads\/2026\/03\/Skitag-1-480x570.webp\" class=\"attachment-teaser size-teaser wp-post-image\" alt=\"\" srcset=\"https:\/\/www.bruelhartducret.ch\/wp-content\/uploads\/2026\/03\/Skitag-1-480x570.webp 480w, https:\/\/www.bruelhartducret.ch\/wp-content\/uploads\/2026\/03\/Skitag-1-960x1140.webp 960w\" sizes=\"auto, (max-width: 480px) 100vw, 480px\" \/>    <\/div>\n    <div class=\"data-wrapper\">\n        <h3 class=\"title\">Journ\u00e9e de ski \u00e0 Gstaad<\/h3>\n        <p class=\"excerpt\">Une journ\u00e9e de ski parfaite avec des conditions d'enneigement optimales, du soleil et de la bonne humeur !<\/p>\n        <div class=\"wp-block-button read-more\">\n            <span class=\"wp-element-button\">en savoir plus<\/span>\n        <\/div>\n    <\/div>\n<\/a>                            <a href=\"http:\/\/www.bruelhartducret.ch\/fr\/seislermaess-3\/\" class=\"post-1546 post type-post status-publish format-standard has-post-thumbnail hentry\" data-turbo=\"false\">\n    <div class=\"image-wrapper\">\n        <img loading=\"lazy\" decoding=\"async\" width=\"480\" height=\"570\" src=\"https:\/\/www.bruelhartducret.ch\/wp-content\/uploads\/2025\/11\/thumbnail_IMG_9979-480x570.webp\" class=\"attachment-teaser size-teaser wp-post-image\" alt=\"\" srcset=\"https:\/\/www.bruelhartducret.ch\/wp-content\/uploads\/2025\/11\/thumbnail_IMG_9979-480x570.webp 480w, https:\/\/www.bruelhartducret.ch\/wp-content\/uploads\/2025\/11\/thumbnail_IMG_9979-960x1140.webp 960w\" sizes=\"auto, (max-width: 480px) 100vw, 480px\" \/>    <\/div>\n    <div class=\"data-wrapper\">\n        <h3 class=\"title\">Visite au mus\u00e9e &amp; plaisirs culinaires \u00e0 Fribourg<\/h3>\n        <p class=\"excerpt\">Visite au mus\u00e9e &amp; plaisirs culinaires \u00e0 Fribourg<\/p>\n        <div class=\"wp-block-button read-more\">\n            <span class=\"wp-element-button\">en savoir plus<\/span>\n        <\/div>\n    <\/div>\n<\/a>                            <a href=\"http:\/\/www.bruelhartducret.ch\/fr\/seislermaess\/\" class=\"post-1414 post type-post status-publish format-standard has-post-thumbnail hentry\" data-turbo=\"false\">\n    <div class=\"image-wrapper\">\n        <img loading=\"lazy\" decoding=\"async\" width=\"480\" height=\"570\" src=\"https:\/\/www.bruelhartducret.ch\/wp-content\/uploads\/2025\/06\/Bild01_bearbeitet-1-480x570.webp\" class=\"attachment-teaser size-teaser wp-post-image\" alt=\"\" srcset=\"https:\/\/www.bruelhartducret.ch\/wp-content\/uploads\/2025\/06\/Bild01_bearbeitet-1-480x570.webp 480w, https:\/\/www.bruelhartducret.ch\/wp-content\/uploads\/2025\/06\/Bild01_bearbeitet-1-9x12.webp 9w, https:\/\/www.bruelhartducret.ch\/wp-content\/uploads\/2025\/06\/Bild01_bearbeitet-1-960x1140.webp 960w\" sizes=\"auto, (max-width: 480px) 100vw, 480px\" \/>    <\/div>\n    <div class=\"data-wrapper\">\n        <h3 class=\"title\">Chariot gourmand<\/h3>\n        <p class=\"excerpt\">Un projet de BR\u00dcLHART DUCRET AG pour la cave St\u00e4mpfli AG et Alachsa, Laupen<\/p>\n        <div class=\"wp-block-button read-more\">\n            <span class=\"wp-element-button\">en savoir plus<\/span>\n        <\/div>\n    <\/div>\n<\/a>                            <a href=\"http:\/\/www.bruelhartducret.ch\/fr\/seislermaess-2\/\" class=\"post-1374 post type-post status-publish format-standard has-post-thumbnail hentry\" data-turbo=\"false\">\n    <div class=\"image-wrapper\">\n        <img loading=\"lazy\" decoding=\"async\" width=\"480\" height=\"570\" src=\"https:\/\/www.bruelhartducret.ch\/wp-content\/uploads\/2025\/06\/Bild01_bearbeitet-480x570.webp\" class=\"attachment-teaser size-teaser wp-post-image\" alt=\"\" srcset=\"https:\/\/www.bruelhartducret.ch\/wp-content\/uploads\/2025\/06\/Bild01_bearbeitet-480x570.webp 480w, https:\/\/www.bruelhartducret.ch\/wp-content\/uploads\/2025\/06\/Bild01_bearbeitet-960x1140.webp 960w\" sizes=\"auto, (max-width: 480px) 100vw, 480px\" \/>    <\/div>\n    <div class=\"data-wrapper\">\n        <h3 class=\"title\">Seislerm\u00e4ss<\/h3>\n        <p class=\"excerpt\">Il est temps de dire merci !<\/p>\n        <div class=\"wp-block-button read-more\">\n            <span class=\"wp-element-button\">en savoir plus<\/span>\n        <\/div>\n    <\/div>\n<\/a>                    <\/div>\n            <\/turbo-frame>\n<\/div>\n<\/div>","protected":false},"excerpt":{"rendered":"<p>\u00c9largit direction<\/p>","protected":false},"author":6,"featured_media":1556,"comment_status":"closed","ping_status":"closed","sticky":false,"template":"","format":"standard","meta":{"footnotes":""},"class_list":["post-1555","post","type-post","status-publish","format-standard","has-post-thumbnail","hentry"],"acf":[],"_links":{"self":[{"href":"http:\/\/www.bruelhartducret.ch\/fr\/wp-json\/wp\/v2\/posts\/1555","targetHints":{"allow":["GET"]}}],"collection":[{"href":"http:\/\/www.bruelhartducret.ch\/fr\/wp-json\/wp\/v2\/posts"}],"about":[{"href":"http:\/\/www.bruelhartducret.ch\/fr\/wp-json\/wp\/v2\/types\/post"}],"author":[{"embeddable":true,"href":"http:\/\/www.bruelhartducret.ch\/fr\/wp-json\/wp\/v2\/users\/6"}],"replies":[{"embeddable":true,"href":"http:\/\/www.bruelhartducret.ch\/fr\/wp-json\/wp\/v2\/comments?post=1555"}],"version-history":[{"count":3,"href":"http:\/\/www.bruelhartducret.ch\/fr\/wp-json\/wp\/v2\/posts\/1555\/revisions"}],"predecessor-version":[{"id":1560,"href":"http:\/\/www.bruelhartducret.ch\/fr\/wp-json\/wp\/v2\/posts\/1555\/revisions\/1560"}],"wp:featuredmedia":[{"embeddable":true,"href":"http:\/\/www.bruelhartducret.ch\/fr\/wp-json\/wp\/v2\/media\/1556"}],"wp:attachment":[{"href":"http:\/\/www.bruelhartducret.ch\/fr\/wp-json\/wp\/v2\/media?parent=1555"}],"curies":[{"name":"wp","href":"https:\/\/api.w.org\/{rel}","templated":true}]}}