{"id":1374,"date":"2025-06-03T16:43:43","date_gmt":"2025-06-03T14:43:43","guid":{"rendered":"https:\/\/www.bruelhartducret.ch\/?p=1374"},"modified":"2025-07-10T09:04:36","modified_gmt":"2025-07-10T07:04:36","slug":"seislermaess-2","status":"publish","type":"post","link":"http:\/\/www.bruelhartducret.ch\/fr\/seislermaess-2\/","title":{"rendered":"Seislerm\u00e4ss"},"content":{"rendered":"<div class=\"wp-block-group alignfull hero-with-title-and-cover is-layout-flow wp-block-group-is-layout-flow\">\n<h1 class=\"wp-block-heading\">Seislerm\u00e4ss 2025<\/h1>\n<\/div>\n\n\n\n<div class=\"wp-block-group alignfull lead-wrapper is-layout-flow wp-block-group-is-layout-flow\">\n<p class=\"is-style-lead\">Il est temps de dire merci !<\/p>\n\n\n\n<p>Voil\u00e0 la Seislerm\u00e4ss est pass\u00e9e \u2013 il est temps de dire merci !<br>Nous vous remercions chaleureusement pour vos nombreuses visites et tous les retours positifs concernant notre stand \u00e0 la Seislerm\u00e4ss !<br>Votre reconnaissance nous motive \u00e0 poursuivre cette aventure avec passion.<\/p>\n\n\n\n<figure class=\"wp-block-gallery has-nested-images columns-default is-cropped wp-block-gallery-1 is-layout-flex wp-block-gallery-is-layout-flex\">\n<figure data-no-zoom=\"true\" class=\"wp-block-image size-full\"><img loading=\"lazy\" decoding=\"async\" width=\"2560\" height=\"1829\" data-id=\"1412\" src=\"https:\/\/www.bruelhartducret.ch\/wp-content\/uploads\/2025\/06\/Bild01_bearbeitet-scaled.webp\" alt=\"\" class=\"wp-image-1412\" srcset=\"https:\/\/www.bruelhartducret.ch\/wp-content\/uploads\/2025\/06\/Bild01_bearbeitet-scaled.webp 2560w, https:\/\/www.bruelhartducret.ch\/wp-content\/uploads\/2025\/06\/Bild01_bearbeitet-300x214.webp 300w, https:\/\/www.bruelhartducret.ch\/wp-content\/uploads\/2025\/06\/Bild01_bearbeitet-1024x731.webp 1024w, https:\/\/www.bruelhartducret.ch\/wp-content\/uploads\/2025\/06\/Bild01_bearbeitet-768x549.webp 768w, https:\/\/www.bruelhartducret.ch\/wp-content\/uploads\/2025\/06\/Bild01_bearbeitet-1536x1097.webp 1536w, https:\/\/www.bruelhartducret.ch\/wp-content\/uploads\/2025\/06\/Bild01_bearbeitet-2048x1463.webp 2048w, https:\/\/www.bruelhartducret.ch\/wp-content\/uploads\/2025\/06\/Bild01_bearbeitet-18x12.webp 18w, https:\/\/www.bruelhartducret.ch\/wp-content\/uploads\/2025\/06\/Bild01_bearbeitet-407x291.webp 407w\" sizes=\"auto, (max-width: 2560px) 100vw, 2560px\" \/><\/figure>\n<\/figure>\n<\/div>\n\n\n<div class=\"wp-block-bruelhart-ducret-post-navigation\">\n            <a class=\"previous\" href=\"http:\/\/www.bruelhartducret.ch\/fr\/expertise\/\">\n            zur\u00fcck zur \u00dcbersicht        <\/a>\n                <a class=\"next\" href=\"http:\/\/www.bruelhartducret.ch\/fr\/20-ans-chez-nous-une-raison-de-faire-la-fete\/\">\n            n\u00e4chster Fachbeitrag        <\/a>\n    <\/div>\n\n<div class=\"alignfull is-layout-constrained wp-block-group alignfull wp-block-bruelhart-ducret-further-posts\">\n    <div class=\"acf-innerblocks-container\">\n\n<h5 class=\"wp-block-heading\">Plus de contributions<\/h5>\n\n\n\n<h2 class=\"wp-block-heading\">Encore plus d'expertise pour vous<\/h2>\n\n\n\n<div class=\"wp-block-buttons is-layout-flex wp-block-buttons-is-layout-flex\">\n<div class=\"wp-block-button\"><a class=\"wp-block-button__link wp-element-button\" href=\"http:\/\/www.bruelhartducret.ch\/fr\/expertise\/\">voir tous les messages<\/a><\/div>\n<\/div>\n\n<\/div>\n    <div class=\"alignfull is-style-slider wp-block-bruelhart-ducret-posts\">\n    <turbo-frame id=\"posts\" data-turbo=\"true\">\n                <div class=\"teasers\">\n                            <a href=\"http:\/\/www.bruelhartducret.ch\/fr\/skitagingstaad\/\" class=\"post-1604 post type-post status-publish format-standard has-post-thumbnail hentry\" data-turbo=\"false\">\n    <div class=\"image-wrapper\">\n        <img loading=\"lazy\" decoding=\"async\" width=\"480\" height=\"570\" src=\"https:\/\/www.bruelhartducret.ch\/wp-content\/uploads\/2026\/03\/Skitag-1-480x570.webp\" class=\"attachment-teaser size-teaser wp-post-image\" alt=\"\" srcset=\"https:\/\/www.bruelhartducret.ch\/wp-content\/uploads\/2026\/03\/Skitag-1-480x570.webp 480w, https:\/\/www.bruelhartducret.ch\/wp-content\/uploads\/2026\/03\/Skitag-1-960x1140.webp 960w\" sizes=\"auto, (max-width: 480px) 100vw, 480px\" \/>    <\/div>\n    <div class=\"data-wrapper\">\n        <h3 class=\"title\">Journ\u00e9e de ski \u00e0 Gstaad<\/h3>\n        <p class=\"excerpt\">Une journ\u00e9e de ski parfaite avec des conditions d'enneigement optimales, du soleil et de la bonne humeur !<\/p>\n        <div class=\"wp-block-button read-more\">\n            <span class=\"wp-element-button\">en savoir plus<\/span>\n        <\/div>\n    <\/div>\n<\/a>                            <a href=\"http:\/\/www.bruelhartducret.ch\/fr\/dimitri-gl\/\" class=\"post-1555 post type-post status-publish format-standard has-post-thumbnail hentry\" data-turbo=\"false\">\n    <div class=\"image-wrapper\">\n        <img loading=\"lazy\" decoding=\"async\" width=\"480\" height=\"570\" src=\"https:\/\/www.bruelhartducret.ch\/wp-content\/uploads\/2025\/11\/251017_Portrait-GL-BD-480x570.webp\" class=\"attachment-teaser size-teaser wp-post-image\" alt=\"\" srcset=\"https:\/\/www.bruelhartducret.ch\/wp-content\/uploads\/2025\/11\/251017_Portrait-GL-BD-480x570.webp 480w, https:\/\/www.bruelhartducret.ch\/wp-content\/uploads\/2025\/11\/251017_Portrait-GL-BD-960x1140.webp 960w\" sizes=\"auto, (max-width: 480px) 100vw, 480px\" \/>    <\/div>\n    <div class=\"data-wrapper\">\n        <h3 class=\"title\">BR\u00dcLHART DUCRET AG \u00c9LARGIT SA DIRECTION<\/h3>\n        <p class=\"excerpt\">\u00c9largit direction<\/p>\n        <div class=\"wp-block-button read-more\">\n            <span class=\"wp-element-button\">en savoir plus<\/span>\n        <\/div>\n    <\/div>\n<\/a>                            <a href=\"http:\/\/www.bruelhartducret.ch\/fr\/seislermaess-3\/\" class=\"post-1546 post type-post status-publish format-standard has-post-thumbnail hentry\" data-turbo=\"false\">\n    <div class=\"image-wrapper\">\n        <img loading=\"lazy\" decoding=\"async\" width=\"480\" height=\"570\" src=\"https:\/\/www.bruelhartducret.ch\/wp-content\/uploads\/2025\/11\/thumbnail_IMG_9979-480x570.webp\" class=\"attachment-teaser size-teaser wp-post-image\" alt=\"\" srcset=\"https:\/\/www.bruelhartducret.ch\/wp-content\/uploads\/2025\/11\/thumbnail_IMG_9979-480x570.webp 480w, https:\/\/www.bruelhartducret.ch\/wp-content\/uploads\/2025\/11\/thumbnail_IMG_9979-960x1140.webp 960w\" sizes=\"auto, (max-width: 480px) 100vw, 480px\" \/>    <\/div>\n    <div class=\"data-wrapper\">\n        <h3 class=\"title\">Visite au mus\u00e9e &amp; plaisirs culinaires \u00e0 Fribourg<\/h3>\n        <p class=\"excerpt\">Visite au mus\u00e9e &amp; plaisirs culinaires \u00e0 Fribourg<\/p>\n        <div class=\"wp-block-button read-more\">\n            <span class=\"wp-element-button\">en savoir plus<\/span>\n        <\/div>\n    <\/div>\n<\/a>                            <a href=\"http:\/\/www.bruelhartducret.ch\/fr\/seislermaess\/\" class=\"post-1414 post type-post status-publish format-standard has-post-thumbnail hentry\" data-turbo=\"false\">\n    <div class=\"image-wrapper\">\n        <img loading=\"lazy\" decoding=\"async\" width=\"480\" height=\"570\" src=\"https:\/\/www.bruelhartducret.ch\/wp-content\/uploads\/2025\/06\/Bild01_bearbeitet-1-480x570.webp\" class=\"attachment-teaser size-teaser wp-post-image\" alt=\"\" srcset=\"https:\/\/www.bruelhartducret.ch\/wp-content\/uploads\/2025\/06\/Bild01_bearbeitet-1-480x570.webp 480w, https:\/\/www.bruelhartducret.ch\/wp-content\/uploads\/2025\/06\/Bild01_bearbeitet-1-9x12.webp 9w, https:\/\/www.bruelhartducret.ch\/wp-content\/uploads\/2025\/06\/Bild01_bearbeitet-1-960x1140.webp 960w\" sizes=\"auto, (max-width: 480px) 100vw, 480px\" \/>    <\/div>\n    <div class=\"data-wrapper\">\n        <h3 class=\"title\">Chariot gourmand<\/h3>\n        <p class=\"excerpt\">Un projet de BR\u00dcLHART DUCRET AG pour la cave St\u00e4mpfli AG et Alachsa, Laupen<\/p>\n        <div class=\"wp-block-button read-more\">\n            <span class=\"wp-element-button\">en savoir plus<\/span>\n        <\/div>\n    <\/div>\n<\/a>                    <\/div>\n            <\/turbo-frame>\n<\/div>\n<\/div>","protected":false},"excerpt":{"rendered":"<p>Il est temps de dire merci !<\/p>","protected":false},"author":5,"featured_media":1412,"comment_status":"closed","ping_status":"closed","sticky":false,"template":"","format":"standard","meta":{"footnotes":""},"class_list":["post-1374","post","type-post","status-publish","format-standard","has-post-thumbnail","hentry"],"acf":[],"_links":{"self":[{"href":"http:\/\/www.bruelhartducret.ch\/fr\/wp-json\/wp\/v2\/posts\/1374","targetHints":{"allow":["GET"]}}],"collection":[{"href":"http:\/\/www.bruelhartducret.ch\/fr\/wp-json\/wp\/v2\/posts"}],"about":[{"href":"http:\/\/www.bruelhartducret.ch\/fr\/wp-json\/wp\/v2\/types\/post"}],"author":[{"embeddable":true,"href":"http:\/\/www.bruelhartducret.ch\/fr\/wp-json\/wp\/v2\/users\/5"}],"replies":[{"embeddable":true,"href":"http:\/\/www.bruelhartducret.ch\/fr\/wp-json\/wp\/v2\/comments?post=1374"}],"version-history":[{"count":7,"href":"http:\/\/www.bruelhartducret.ch\/fr\/wp-json\/wp\/v2\/posts\/1374\/revisions"}],"predecessor-version":[{"id":1472,"href":"http:\/\/www.bruelhartducret.ch\/fr\/wp-json\/wp\/v2\/posts\/1374\/revisions\/1472"}],"wp:featuredmedia":[{"embeddable":true,"href":"http:\/\/www.bruelhartducret.ch\/fr\/wp-json\/wp\/v2\/media\/1412"}],"wp:attachment":[{"href":"http:\/\/www.bruelhartducret.ch\/fr\/wp-json\/wp\/v2\/media?parent=1374"}],"curies":[{"name":"wp","href":"https:\/\/api.w.org\/{rel}","templated":true}]}}