{"id":1088,"date":"2025-05-07T07:56:51","date_gmt":"2025-05-07T05:56:51","guid":{"rendered":"https:\/\/bruelhart-ducret.dev.hayloft-it.ch\/?p=1088"},"modified":"2025-06-03T11:37:50","modified_gmt":"2025-06-03T09:37:50","slug":"cas-project-management-felicitations-pour-lobtention-de-ton-diplome","status":"publish","type":"post","link":"http:\/\/www.bruelhartducret.ch\/fr\/cas-project-management-felicitations-pour-lobtention-de-ton-diplome\/","title":{"rendered":"CAS en Management de projets - F\u00e9licitations pour ton dipl\u00f4me!"},"content":{"rendered":"<div class=\"wp-block-group alignfull hero-with-title-and-cover is-layout-flow wp-block-group-is-layout-flow\">\n<h1 class=\"wp-block-heading\">CAS en Management de projets - F\u00e9licitations pour ton dipl\u00f4me!<\/h1>\n<\/div>\n\n\n\n<div class=\"wp-block-group alignfull lead-wrapper is-layout-flow wp-block-group-is-layout-flow\">\n<p class=\"is-style-lead\">Nous te f\u00e9licitons chaleureusement pour ton dipl\u00f4me de CAS en Management de projets. Nous te souhaitons beaucoup de succ\u00e8s dans la poursuite de ta carri\u00e8re ! Nous sommes fiers de t'avoir dans notre \u00e9quipe et nous nous r\u00e9jouissons des nombreux projets futurs que nous ma\u00eetriserons ensemble.<\/p>\n\n\n\n<figure data-no-zoom=\"true\" class=\"wp-block-image size-full\"><img loading=\"lazy\" decoding=\"async\" width=\"756\" height=\"573\" src=\"https:\/\/bruelhartducret.ch\/wp-content\/uploads\/2025\/05\/2023_Marc-Kuttel.webp\" alt=\"\" class=\"wp-image-1048\" srcset=\"https:\/\/www.bruelhartducret.ch\/wp-content\/uploads\/2025\/05\/2023_Marc-Kuttel.webp 756w, https:\/\/www.bruelhartducret.ch\/wp-content\/uploads\/2025\/05\/2023_Marc-Kuttel-300x227.webp 300w, https:\/\/www.bruelhartducret.ch\/wp-content\/uploads\/2025\/05\/2023_Marc-Kuttel-16x12.webp 16w, https:\/\/www.bruelhartducret.ch\/wp-content\/uploads\/2025\/05\/2023_Marc-Kuttel-407x308.webp 407w\" sizes=\"auto, (max-width: 756px) 100vw, 756px\" \/><\/figure>\n<\/div>\n\n\n<div class=\"wp-block-bruelhart-ducret-post-navigation\">\n            <a class=\"previous\" href=\"http:\/\/www.bruelhartducret.ch\/fr\/expertise\/\">\n            zur\u00fcck zur \u00dcbersicht        <\/a>\n                <a class=\"next\" href=\"http:\/\/www.bruelhartducret.ch\/fr\/cas-energieberatung-felicitations-pour-lobtention-du-diplome\/\">\n            n\u00e4chster Fachbeitrag        <\/a>\n    <\/div>\n\n<div class=\"alignfull is-layout-constrained wp-block-group alignfull wp-block-bruelhart-ducret-further-posts\">\n    <div class=\"acf-innerblocks-container\">\n\n<h5 class=\"wp-block-heading\">Plus de contributions<\/h5>\n\n\n\n<h2 class=\"wp-block-heading\">Encore plus d'expertise pour vous<\/h2>\n\n\n\n<div class=\"wp-block-buttons is-layout-flex wp-block-buttons-is-layout-flex\">\n<div class=\"wp-block-button\"><a class=\"wp-block-button__link wp-element-button\" href=\"http:\/\/www.bruelhartducret.ch\/fr\/expertise\/\">voir tous les messages<\/a><\/div>\n<\/div>\n\n<\/div>\n    <div class=\"alignfull is-style-slider wp-block-bruelhart-ducret-posts\">\n    <turbo-frame id=\"posts\" data-turbo=\"true\">\n                <div class=\"teasers\">\n                            <a href=\"http:\/\/www.bruelhartducret.ch\/fr\/skitagingstaad\/\" class=\"post-1604 post type-post status-publish format-standard has-post-thumbnail hentry\" data-turbo=\"false\">\n    <div class=\"image-wrapper\">\n        <img loading=\"lazy\" decoding=\"async\" width=\"480\" height=\"570\" src=\"https:\/\/www.bruelhartducret.ch\/wp-content\/uploads\/2026\/03\/Skitag-1-480x570.webp\" class=\"attachment-teaser size-teaser wp-post-image\" alt=\"\" srcset=\"https:\/\/www.bruelhartducret.ch\/wp-content\/uploads\/2026\/03\/Skitag-1-480x570.webp 480w, https:\/\/www.bruelhartducret.ch\/wp-content\/uploads\/2026\/03\/Skitag-1-960x1140.webp 960w\" sizes=\"auto, (max-width: 480px) 100vw, 480px\" \/>    <\/div>\n    <div class=\"data-wrapper\">\n        <h3 class=\"title\">Journ\u00e9e de ski \u00e0 Gstaad<\/h3>\n        <p class=\"excerpt\">Une journ\u00e9e de ski parfaite avec des conditions d'enneigement optimales, du soleil et de la bonne humeur !<\/p>\n        <div class=\"wp-block-button read-more\">\n            <span class=\"wp-element-button\">en savoir plus<\/span>\n        <\/div>\n    <\/div>\n<\/a>                            <a href=\"http:\/\/www.bruelhartducret.ch\/fr\/dimitri-gl\/\" class=\"post-1555 post type-post status-publish format-standard has-post-thumbnail hentry\" data-turbo=\"false\">\n    <div class=\"image-wrapper\">\n        <img loading=\"lazy\" decoding=\"async\" width=\"480\" height=\"570\" src=\"https:\/\/www.bruelhartducret.ch\/wp-content\/uploads\/2025\/11\/251017_Portrait-GL-BD-480x570.webp\" class=\"attachment-teaser size-teaser wp-post-image\" alt=\"\" srcset=\"https:\/\/www.bruelhartducret.ch\/wp-content\/uploads\/2025\/11\/251017_Portrait-GL-BD-480x570.webp 480w, https:\/\/www.bruelhartducret.ch\/wp-content\/uploads\/2025\/11\/251017_Portrait-GL-BD-960x1140.webp 960w\" sizes=\"auto, (max-width: 480px) 100vw, 480px\" \/>    <\/div>\n    <div class=\"data-wrapper\">\n        <h3 class=\"title\">BR\u00dcLHART DUCRET AG \u00c9LARGIT SA DIRECTION<\/h3>\n        <p class=\"excerpt\">\u00c9largit direction<\/p>\n        <div class=\"wp-block-button read-more\">\n            <span class=\"wp-element-button\">en savoir plus<\/span>\n        <\/div>\n    <\/div>\n<\/a>                            <a href=\"http:\/\/www.bruelhartducret.ch\/fr\/seislermaess-3\/\" class=\"post-1546 post type-post status-publish format-standard has-post-thumbnail hentry\" data-turbo=\"false\">\n    <div class=\"image-wrapper\">\n        <img loading=\"lazy\" decoding=\"async\" width=\"480\" height=\"570\" src=\"https:\/\/www.bruelhartducret.ch\/wp-content\/uploads\/2025\/11\/thumbnail_IMG_9979-480x570.webp\" class=\"attachment-teaser size-teaser wp-post-image\" alt=\"\" srcset=\"https:\/\/www.bruelhartducret.ch\/wp-content\/uploads\/2025\/11\/thumbnail_IMG_9979-480x570.webp 480w, https:\/\/www.bruelhartducret.ch\/wp-content\/uploads\/2025\/11\/thumbnail_IMG_9979-960x1140.webp 960w\" sizes=\"auto, (max-width: 480px) 100vw, 480px\" \/>    <\/div>\n    <div class=\"data-wrapper\">\n        <h3 class=\"title\">Visite au mus\u00e9e &amp; plaisirs culinaires \u00e0 Fribourg<\/h3>\n        <p class=\"excerpt\">Visite au mus\u00e9e &amp; plaisirs culinaires \u00e0 Fribourg<\/p>\n        <div class=\"wp-block-button read-more\">\n            <span class=\"wp-element-button\">en savoir plus<\/span>\n        <\/div>\n    <\/div>\n<\/a>                            <a href=\"http:\/\/www.bruelhartducret.ch\/fr\/seislermaess\/\" class=\"post-1414 post type-post status-publish format-standard has-post-thumbnail hentry\" data-turbo=\"false\">\n    <div class=\"image-wrapper\">\n        <img loading=\"lazy\" decoding=\"async\" width=\"480\" height=\"570\" src=\"https:\/\/www.bruelhartducret.ch\/wp-content\/uploads\/2025\/06\/Bild01_bearbeitet-1-480x570.webp\" class=\"attachment-teaser size-teaser wp-post-image\" alt=\"\" srcset=\"https:\/\/www.bruelhartducret.ch\/wp-content\/uploads\/2025\/06\/Bild01_bearbeitet-1-480x570.webp 480w, https:\/\/www.bruelhartducret.ch\/wp-content\/uploads\/2025\/06\/Bild01_bearbeitet-1-9x12.webp 9w, https:\/\/www.bruelhartducret.ch\/wp-content\/uploads\/2025\/06\/Bild01_bearbeitet-1-960x1140.webp 960w\" sizes=\"auto, (max-width: 480px) 100vw, 480px\" \/>    <\/div>\n    <div class=\"data-wrapper\">\n        <h3 class=\"title\">Chariot gourmand<\/h3>\n        <p class=\"excerpt\">Un projet de BR\u00dcLHART DUCRET AG pour la cave St\u00e4mpfli AG et Alachsa, Laupen<\/p>\n        <div class=\"wp-block-button read-more\">\n            <span class=\"wp-element-button\">en savoir plus<\/span>\n        <\/div>\n    <\/div>\n<\/a>                    <\/div>\n            <\/turbo-frame>\n<\/div>\n<\/div>","protected":false},"excerpt":{"rendered":"<p>Nous te f\u00e9licitons chaleureusement pour ton excellent dipl\u00f4me de CAS en gestion de projet. <\/p>","protected":false},"author":2,"featured_media":1048,"comment_status":"closed","ping_status":"closed","sticky":false,"template":"","format":"standard","meta":{"footnotes":""},"class_list":["post-1088","post","type-post","status-publish","format-standard","has-post-thumbnail","hentry"],"acf":[],"_links":{"self":[{"href":"http:\/\/www.bruelhartducret.ch\/fr\/wp-json\/wp\/v2\/posts\/1088","targetHints":{"allow":["GET"]}}],"collection":[{"href":"http:\/\/www.bruelhartducret.ch\/fr\/wp-json\/wp\/v2\/posts"}],"about":[{"href":"http:\/\/www.bruelhartducret.ch\/fr\/wp-json\/wp\/v2\/types\/post"}],"author":[{"embeddable":true,"href":"http:\/\/www.bruelhartducret.ch\/fr\/wp-json\/wp\/v2\/users\/2"}],"replies":[{"embeddable":true,"href":"http:\/\/www.bruelhartducret.ch\/fr\/wp-json\/wp\/v2\/comments?post=1088"}],"version-history":[{"count":5,"href":"http:\/\/www.bruelhartducret.ch\/fr\/wp-json\/wp\/v2\/posts\/1088\/revisions"}],"predecessor-version":[{"id":1394,"href":"http:\/\/www.bruelhartducret.ch\/fr\/wp-json\/wp\/v2\/posts\/1088\/revisions\/1394"}],"wp:featuredmedia":[{"embeddable":true,"href":"http:\/\/www.bruelhartducret.ch\/fr\/wp-json\/wp\/v2\/media\/1048"}],"wp:attachment":[{"href":"http:\/\/www.bruelhartducret.ch\/fr\/wp-json\/wp\/v2\/media?parent=1088"}],"curies":[{"name":"wp","href":"https:\/\/api.w.org\/{rel}","templated":true}]}}